{"id":22085,"__str__":"Projeto de Lei Substitutivo n\u00ba 96 de 2026","link_detail_backend":"/materia/22085","metadata":{"signs":{"texto_original":{}}},"numero":96,"ano":2026,"numero_protocolo":1174,"data_apresentacao":"2026-04-27","tipo_apresentacao":"","data_publicacao":null,"numero_origem_externa":"","ano_origem_externa":null,"data_origem_externa":null,"apelido":"","dias_prazo":null,"data_fim_prazo":null,"em_tramitacao":true,"polemica":false,"objeto":"","complementar":false,"ementa":"Altera a Lei n\u00b0 3.580, de 8 de setembro de 2021, que institui a Semana da Conscientiza\u00e7\u00e3o do Autismo, para incluir a realiza\u00e7\u00e3o da Caminhada pela Conscientiza\u00e7\u00e3o do Autismo e d\u00e1 outras provid\u00eancias.","indexacao":"","observacao":"","resultado":"","texto_original":"http://sapl.itabirito.mg.leg.br/media/sapl/public/materialegislativa/2026/22085/projeto_de_lei_no_96.2026_-_manoel_substitutivo.pdf","data_ultima_atualizacao":"2026-04-30T08:27:55.128760-03:00","ip":"189.90.249.57","ultima_edicao":"2026-04-30T08:27:54.948946-03:00","tipo":17,"regime_tramitacao":1,"tipo_origem_externa":null,"local_origem_externa":null,"user":89,"anexadas":[],"autores":[95]}