{"id":22014,"__str__":"Indica\u00e7\u00e3o n\u00ba 670 de 2026","link_detail_backend":"/materia/22014","metadata":{"signs":{"texto_original":{"admin":[],"autores":[["Rosilene do Carmo Cardoso",["2026-04-24T09:28:28-03:00","ICP-Brasil - AC SyngularID Multipla"]]]}}},"numero":670,"ano":2026,"numero_protocolo":1103,"data_apresentacao":"2026-04-27","tipo_apresentacao":"","data_publicacao":null,"numero_origem_externa":"","ano_origem_externa":null,"data_origem_externa":null,"apelido":"","dias_prazo":null,"data_fim_prazo":null,"em_tramitacao":true,"polemica":false,"objeto":"","complementar":false,"ementa":"Indica o envio ao Poder Executivo Municipal, por meio da Secretaria competente, a solicita\u00e7\u00e3o de troca de l\u00e2mpadas queimadas na Avenida Inconfidentes, nas proximidades dos n\u00fameros 1182 e 1211, no bairro Santa Efig\u00eania.","indexacao":"","observacao":"","resultado":"","texto_original":"http://sapl.itabirito.mg.leg.br/media/sapl/public/materialegislativa/2026/22014/indicacoes_troca_de_lampadas_queimadas_na_avenida_inconfidentes.pdf","data_ultima_atualizacao":"2026-04-24T12:16:28.911691-03:00","ip":"187.1.56.206","ultima_edicao":"2026-04-24T12:16:28.755188-03:00","tipo":8,"regime_tramitacao":1,"tipo_origem_externa":null,"local_origem_externa":null,"user":130,"anexadas":[],"autores":[30]}