{"id":21172,"__str__":"Requerimento n\u00ba 169 de 2026","link_detail_backend":"/materia/21172","metadata":{"signs":{"texto_original":{"admin":[],"autores":[["Itabirito Camara Municipal",["2026-03-12T16:27:13-03:00","ICP-Brasil - AC SyngularID Multipla"]],["Maximiliano Silva Baeta Fortes",["2026-03-12T14:44:25-03:00","ICP-Brasil - AC SyngularID Multipla"]]]}}},"numero":169,"ano":2026,"numero_protocolo":575,"data_apresentacao":"2026-03-16","tipo_apresentacao":"","data_publicacao":null,"numero_origem_externa":"","ano_origem_externa":null,"data_origem_externa":null,"apelido":"","dias_prazo":null,"data_fim_prazo":null,"em_tramitacao":true,"polemica":false,"objeto":"","complementar":false,"ementa":"Requeiro, o envio ao Poder Executivo Municipal, por meio da Secretaria Municipal de Seguran\u00e7a, Preven\u00e7\u00e3o e Mobilidade Urbana, solicitando esclarecimentos acerca da n\u00e3o concess\u00e3o da credencial de estacionamento para utiliza\u00e7\u00e3o das vagas destinadas \u00e0s pessoas com defici\u00eancia, \u00e0s pessoas com Transtorno do Espectro Autista (TEA).","indexacao":"","observacao":"","resultado":"","texto_original":"http://sapl.itabirito.mg.leg.br/media/sapl/public/materialegislativa/2026/21172/requerimento_169.2026.pdf","data_ultima_atualizacao":"2026-03-17T11:12:12.713527-03:00","ip":"189.90.249.57","ultima_edicao":"2026-03-17T11:12:09.077294-03:00","tipo":3,"regime_tramitacao":1,"tipo_origem_externa":null,"local_origem_externa":null,"user":89,"anexadas":[],"autores":[29]}