{"id":494,"__str__":"Relator : Manoel da Autoescola","link_detail_backend":"/comissao/participacao/494","metadata":{},"titular":false,"data_designacao":"2026-01-02","data_desligamento":null,"motivo_desligamento":"","observacao":"Vereador associado \u00e0 Comiss\u00e3o conforme designa\u00e7\u00e3o do Presidente.","composicao":72,"parlamentar":188,"cargo":7}